{"id":2922,"date":"2011-09-30T06:43:54","date_gmt":"2011-09-30T04:43:54","guid":{"rendered":"http:\/\/dk5ras.dyndns.org\/www\/bc\/?p=2922"},"modified":"2011-09-30T06:43:54","modified_gmt":"2011-09-30T04:43:54","slug":"20110929","status":"publish","type":"post","link":"https:\/\/dk5ras.dyndns.org\/www\/bc\/20110929\/","title":{"rendered":"20110929"},"content":{"rendered":"<p>Schon am Mittwoch werden wir vorgewarnt, da\u00df am Donnerstag nachmittags SEV angesagt ist. Und so kommt es auch, das Agilis-B\u00e4hnle steht verwaist in Ebermannstadt am Bahnsteig. Dumm nur, da\u00df anstelle der zwei bestellten Busse (einer f\u00fcr die direkte Tour nach Forchheim, einer mit allen Unterwegshalten) nur ein Exemplar auftaucht. Somit verpassen wir unsere S-Bahn, f\u00fcr den RE reicht es zum Gl\u00fcck noch. Unterhaltsam mit seinen Ansagen und Kommentaren ist der im Bus mitfahrende Agilis-Zugbegleiter, dem es zudem merklich unangenehm ist, da\u00df sein Arbeitgeber wieder mal dasteht wie der letzte Gurkenladen. Der Grund f\u00fcr den SEV war n\u00e4mlich schlichtweg erneut Personalmangel, und ungenannt bleibende Quellen berichten, ein Leihlokf\u00fchrer habe einfach seine Klamotten zur\u00fcckgeschickt und sei nicht erschienen und auch nicht mehr erreichbar. Er wird daf\u00fcr seine Gr\u00fcnde haben, und da\u00df der Ausfall eines einzigen Mitarbeiters gleich wieder f\u00fcr SEV sorgt, zeigt, wie sehr das ganze Angebot mit hei\u00dfer Nadel gestrickt ist. Klar rechnet man nicht mit der Fahnenflucht des Personals, aber es kann ja auch einfach mal jemand krank werden &#8211; ich habe mir zumindest sagen lassen, mit sowas m\u00fcsse man als Arbeitgeber ab und an rechnen.<\/p>\n","protected":false},"excerpt":{"rendered":"<p>Schon am Mittwoch werden wir vorgewarnt, da\u00df am Donnerstag nachmittags SEV angesagt ist. Und so kommt es auch, das Agilis-B\u00e4hnle steht verwaist in Ebermannstadt am Bahnsteig. Dumm nur, da\u00df anstelle der zwei bestellten Busse (einer f\u00fcr die direkte Tour nach Forchheim, einer mit allen Unterwegshalten) nur ein Exemplar auftaucht. Somit verpassen wir unsere S-Bahn, f\u00fcr [&hellip;]<\/p>\n","protected":false},"author":4,"featured_media":0,"comment_status":"open","ping_status":"open","sticky":false,"template":"","format":"standard","meta":{"footnotes":""},"categories":[1],"tags":[245,186],"class_list":["post-2922","post","type-post","status-publish","format-standard","hentry","category-bahnerlebnisse","tag-agilis","tag-sev"],"_links":{"self":[{"href":"https:\/\/dk5ras.dyndns.org\/www\/bc\/wp-json\/wp\/v2\/posts\/2922","targetHints":{"allow":["GET"]}}],"collection":[{"href":"https:\/\/dk5ras.dyndns.org\/www\/bc\/wp-json\/wp\/v2\/posts"}],"about":[{"href":"https:\/\/dk5ras.dyndns.org\/www\/bc\/wp-json\/wp\/v2\/types\/post"}],"author":[{"embeddable":true,"href":"https:\/\/dk5ras.dyndns.org\/www\/bc\/wp-json\/wp\/v2\/users\/4"}],"replies":[{"embeddable":true,"href":"https:\/\/dk5ras.dyndns.org\/www\/bc\/wp-json\/wp\/v2\/comments?post=2922"}],"version-history":[{"count":0,"href":"https:\/\/dk5ras.dyndns.org\/www\/bc\/wp-json\/wp\/v2\/posts\/2922\/revisions"}],"wp:attachment":[{"href":"https:\/\/dk5ras.dyndns.org\/www\/bc\/wp-json\/wp\/v2\/media?parent=2922"}],"wp:term":[{"taxonomy":"category","embeddable":true,"href":"https:\/\/dk5ras.dyndns.org\/www\/bc\/wp-json\/wp\/v2\/categories?post=2922"},{"taxonomy":"post_tag","embeddable":true,"href":"https:\/\/dk5ras.dyndns.org\/www\/bc\/wp-json\/wp\/v2\/tags?post=2922"}],"curies":[{"name":"wp","href":"https:\/\/api.w.org\/{rel}","templated":true}]}}